{"id":880,"date":"2025-01-30T10:08:05","date_gmt":"2025-01-30T10:08:05","guid":{"rendered":"https:\/\/lesvinestivales.fr\/sit\/?p=880"},"modified":"2025-01-30T10:08:05","modified_gmt":"2025-01-30T10:08:05","slug":"lhomme-a-la-lanterne-2024","status":"publish","type":"post","link":"https:\/\/lesvinestivales.fr\/sit\/2025\/01\/30\/lhomme-a-la-lanterne-2024\/","title":{"rendered":"L&rsquo;Homme \u00e0 la lanterne 2024"},"content":{"rendered":"\n<h2>\n\t\t<a href=\"https:\/\/lesvinestivales.fr\/sit\/\" title=\"LES VINESTIVALES\" target=\"_self\" rel=\"noopener\">\n\t\tLES VINESTIVALES\n\t\t<\/a>\n\t<\/h2>\n<h1>\n\t\tL&rsquo;homme \u00e0 lanterne<br \/>\n\t<\/h1>\n<strong>L&rsquo;homme \u00e0 la lanterne manie les mots avec talent !<\/strong>\n<p>&nbsp;<\/p>\nLa sp\u00e9cialit\u00e9 de Benoit c&rsquo;est le rap. Accompagn\u00e9 sur sc\u00e8ne de Pierre, bassiste, il d\u00e9clame avec brio ses textes \u00e9crits en fran\u00e7ais. Originaire de Lyon, le rappeur construit ses morceaux sur une prod riche et rythm\u00e9e. Laissez-vous embarquer dans l&rsquo;univers po\u00e9tique et engag\u00e9 de Benoit et suivez sa lanterne pour un voyage \u00e0 la re-d\u00e9couverte de la beaut\u00e9 de notre langue.<br \/>\nPour patientez avant de le voir en vrai, rendez-vous sur toutes les plateformes de streaming pour \u00e9couter son premier album : Espace vide\n<a href=\"https:\/\/open.spotify.com\/intl-fr\/album\/5QThS3Q4XL67DxitL2LJi8\">Sur Spotify Ici<\/a><br \/>\n<a href=\"https:\/\/deezer.page.link\/YqUFf9n1GUjZDjR26\">Sur Deezer ici<\/a>\n<p>Et pour les voir en vrai, rendez-vous le 29 juin 2024 \u00e0 20h pour ouvrir la seconde soir\u00e9e de la treizi\u00e8me \u00e9dition des Vinestivales !<\/p>\n<p><a href=\"https:\/\/www.facebook.com\/profile.php?id=100092625555679&amp;sk=photos\">Suivez L&rsquo;Homme \u00e0 la lanterne sur Facebook<\/a><\/p>\n\t<p>Suivez-nous !<\/p>\n\n","protected":false},"excerpt":{"rendered":"<p>LES VINESTIVALES L&rsquo;homme \u00e0 lanterne L&rsquo;homme \u00e0 la lanterne manie les mots avec talent ! &nbsp; La sp\u00e9cialit\u00e9 de Benoit c&rsquo;est le rap. Accompagn\u00e9 sur sc\u00e8ne de Pierre, bassiste, il d\u00e9clame avec brio ses textes \u00e9crits en fran\u00e7ais. Originaire de Lyon, le rappeur construit ses morceaux sur une prod riche et rythm\u00e9e. Laissez-vous embarquer dans&hellip;<\/p>\n","protected":false},"author":2,"featured_media":888,"comment_status":"closed","ping_status":"closed","sticky":false,"template":"tpl-no-header-footer.php","format":"standard","meta":{"footnotes":""},"categories":[75],"tags":[76],"class_list":["post-880","post","type-post","status-publish","format-standard","has-post-thumbnail","hentry","category-75","tag-76"],"_links":{"self":[{"href":"https:\/\/lesvinestivales.fr\/sit\/wp-json\/wp\/v2\/posts\/880"}],"collection":[{"href":"https:\/\/lesvinestivales.fr\/sit\/wp-json\/wp\/v2\/posts"}],"about":[{"href":"https:\/\/lesvinestivales.fr\/sit\/wp-json\/wp\/v2\/types\/post"}],"author":[{"embeddable":true,"href":"https:\/\/lesvinestivales.fr\/sit\/wp-json\/wp\/v2\/users\/2"}],"replies":[{"embeddable":true,"href":"https:\/\/lesvinestivales.fr\/sit\/wp-json\/wp\/v2\/comments?post=880"}],"version-history":[{"count":2,"href":"https:\/\/lesvinestivales.fr\/sit\/wp-json\/wp\/v2\/posts\/880\/revisions"}],"predecessor-version":[{"id":896,"href":"https:\/\/lesvinestivales.fr\/sit\/wp-json\/wp\/v2\/posts\/880\/revisions\/896"}],"wp:featuredmedia":[{"embeddable":true,"href":"https:\/\/lesvinestivales.fr\/sit\/wp-json\/wp\/v2\/media\/888"}],"wp:attachment":[{"href":"https:\/\/lesvinestivales.fr\/sit\/wp-json\/wp\/v2\/media?parent=880"}],"wp:term":[{"taxonomy":"category","embeddable":true,"href":"https:\/\/lesvinestivales.fr\/sit\/wp-json\/wp\/v2\/categories?post=880"},{"taxonomy":"post_tag","embeddable":true,"href":"https:\/\/lesvinestivales.fr\/sit\/wp-json\/wp\/v2\/tags?post=880"}],"curies":[{"name":"wp","href":"https:\/\/api.w.org\/{rel}","templated":true}]}}