{"id":1083,"date":"2025-01-30T11:29:12","date_gmt":"2025-01-30T11:29:12","guid":{"rendered":"https:\/\/lesvinestivales.fr\/sit\/?p=1083"},"modified":"2025-01-30T11:29:50","modified_gmt":"2025-01-30T11:29:50","slug":"last-rainbow-2024","status":"publish","type":"post","link":"https:\/\/lesvinestivales.fr\/sit\/2025\/01\/30\/last-rainbow-2024\/","title":{"rendered":"Last Rainbow 2024"},"content":{"rendered":"\n<h2>\n\t\t<a href=\"https:\/\/lesvinestivales.fr\/sit\/\" title=\"LES VINESTIVALES\" target=\"_self\" rel=\"noopener\">\n\t\tLES VINESTIVALES\n\t\t<\/a>\n\t<\/h2>\n<h1>\n\t\tLast Rainbow<br \/>\n\t<\/h1>\n<p><strong>Last Rainbow \u00e7a envoie du tr\u00e8s lourd !<\/strong><\/p>\n<p>Sur sc\u00e8ne, ils sont trois, Rapha\u00ebl \u00e0 la batterie, Alex au chant et \u00e0 la guitare et Kenan \u00e0 la basse. Ils encha\u00eenent compositions originales et reprises avec une \u00e9nergie d\u00e9bordante tr\u00e8s contagieuse ! Originaire de Nice, ce groupe adepte de rock, fraichement sorti de la Class&rsquo;Eurock 2024 vous fera danser, secouer, sauter&#8230; Bref, accrochez-vous, \u00e7a va d\u00e9coiffer !<\/p>\n<p>Pour avoir un avant go\u00fbt, rendez-vous <a href=\"https:\/\/linktr.ee\/lastrainbow?utm_source=linktree_profile_share&amp;ltsid=82a20650-8719-4c86-85e4-6b43c113601f\">ici<\/a>. <\/p>\n<p>Et pour les voir en vrai, rendez-vous le <strong>28 juin 2024 \u00e0 22h25<\/strong> pour la treizi\u00e8me \u00e9dition des Vinestivales !<\/p>\n<p>&nbsp;<\/p>\n<p><a href=\"https:\/\/www.facebook.com\/lastrainbow06\">Suivez les Last Rainbow sur Facebook<\/a><\/p>\n<p><a href=\"https:\/\/www.instagram.com\/last_rainbow_band\/\">Suivez les Last Rainbow sur Instagram<\/a><\/p>\n<p><a href=\"https:\/\/www.tiktok.com\/@last.rainbow.band\">Suivez les Last Rainbow sur Tik Tok<\/a><\/p>\n\t<p>Suivez-nous !<\/p>\n\n","protected":false},"excerpt":{"rendered":"<p>LES VINESTIVALES Last Rainbow Last Rainbow \u00e7a envoie du tr\u00e8s lourd ! Sur sc\u00e8ne, ils sont trois, Rapha\u00ebl \u00e0 la batterie, Alex au chant et \u00e0 la guitare et Kenan \u00e0 la basse. Ils encha\u00eenent compositions originales et reprises avec une \u00e9nergie d\u00e9bordante tr\u00e8s contagieuse ! Originaire de Nice, ce groupe adepte de rock, fraichement&hellip;<\/p>\n","protected":false},"author":2,"featured_media":1086,"comment_status":"closed","ping_status":"closed","sticky":false,"template":"tpl-no-header-footer.php","format":"standard","meta":{"footnotes":""},"categories":[75],"tags":[76],"class_list":["post-1083","post","type-post","status-publish","format-standard","has-post-thumbnail","hentry","category-75","tag-76"],"_links":{"self":[{"href":"https:\/\/lesvinestivales.fr\/sit\/wp-json\/wp\/v2\/posts\/1083"}],"collection":[{"href":"https:\/\/lesvinestivales.fr\/sit\/wp-json\/wp\/v2\/posts"}],"about":[{"href":"https:\/\/lesvinestivales.fr\/sit\/wp-json\/wp\/v2\/types\/post"}],"author":[{"embeddable":true,"href":"https:\/\/lesvinestivales.fr\/sit\/wp-json\/wp\/v2\/users\/2"}],"replies":[{"embeddable":true,"href":"https:\/\/lesvinestivales.fr\/sit\/wp-json\/wp\/v2\/comments?post=1083"}],"version-history":[{"count":2,"href":"https:\/\/lesvinestivales.fr\/sit\/wp-json\/wp\/v2\/posts\/1083\/revisions"}],"predecessor-version":[{"id":1097,"href":"https:\/\/lesvinestivales.fr\/sit\/wp-json\/wp\/v2\/posts\/1083\/revisions\/1097"}],"wp:featuredmedia":[{"embeddable":true,"href":"https:\/\/lesvinestivales.fr\/sit\/wp-json\/wp\/v2\/media\/1086"}],"wp:attachment":[{"href":"https:\/\/lesvinestivales.fr\/sit\/wp-json\/wp\/v2\/media?parent=1083"}],"wp:term":[{"taxonomy":"category","embeddable":true,"href":"https:\/\/lesvinestivales.fr\/sit\/wp-json\/wp\/v2\/categories?post=1083"},{"taxonomy":"post_tag","embeddable":true,"href":"https:\/\/lesvinestivales.fr\/sit\/wp-json\/wp\/v2\/tags?post=1083"}],"curies":[{"name":"wp","href":"https:\/\/api.w.org\/{rel}","templated":true}]}}