{"id":1058,"date":"2025-01-30T11:20:49","date_gmt":"2025-01-30T11:20:49","guid":{"rendered":"https:\/\/lesvinestivales.fr\/sit\/?p=1058"},"modified":"2025-01-30T11:22:41","modified_gmt":"2025-01-30T11:22:41","slug":"sons-of-floyd-2025","status":"publish","type":"post","link":"https:\/\/lesvinestivales.fr\/sit\/2025\/01\/30\/sons-of-floyd-2025\/","title":{"rendered":"Sons of Floyd 2024"},"content":{"rendered":"\n<h2>\n\t\t<a href=\"https:\/\/lesvinestivales.fr\/sit\/\" title=\"LES VINESTIVALES\" target=\"_self\" rel=\"noopener\">\n\t\tLES VINESTIVALES\n\t\t<\/a>\n\t<\/h2>\n<h1>\n\t\tSons of Floyd<br \/>\n\t<\/h1>\n<p><strong>The sons of Floyd reprennent avec brio le r\u00e9pertoire de Pink Floyd et nous font revivre les plus grandes chansons de ce groupe mythique !<\/strong><\/p>\n<p>Sur sc\u00e8ne, ils sont neuf. Jo\u00ebl le chanteur principal dont la voix est sublim\u00e9e par celles d&rsquo;Odile et Clo\u00e9 aux ch\u0153urs. Eric au clavier, Christian \u00e0 la basse, Bruno \u00e0 la batterie, Hugo et Quentin aux guitares et enfin Bernard pars\u00e8me leurs morceaux de quelques notes de saxophone qui s&rsquo;accordent parfaitement avec les morceaux jou\u00e9s. Des reprises originales, mais qui reste fid\u00e8le \u00e0 l&rsquo;ambiance Pink Floyd !<\/p>\n<p>Pour aller \u00e9couter en avant-premi\u00e8re, rendez-vous sur <a href=\"https:\/\/www.youtube.com\/watch?v=L8eol4_NCZg\">YouTube<\/a> pour \u00e9couter ou r\u00e9\u00e9couter leur concert \u00e0 Saint-Michel de l&rsquo;Observatoire \u00e0 l&rsquo;occasion des 50 ans de la sortie de l&rsquo;album \u00ab The Dark Side of the Moon \u00bb.<\/p>\n<p>Et pour les voir en vrai, rendez-vous le <strong>28 juin 2024 \u00e0 21h30<\/strong> pour la treizi\u00e8me \u00e9dition des Vinestivales !<\/p>\n<p>&nbsp;<\/p>\n<p><a href=\"https:\/\/www.facebook.com\/TheSonsOfFloyd\">Suivre les Sons of Floyd sur Facebook<\/a><\/p>\n<p><a href=\"https:\/\/www.instagram.com\/sons_of_floyd?utm_source=qr&amp;igshid=MzNlNGNkZWQ4Mg%3D%3D\">Suivre les Sons of Floyd sur Instagram<\/a><\/p>\n\t<p>Suivez-nous !<\/p>\n\n","protected":false},"excerpt":{"rendered":"<p>LES VINESTIVALES Sons of Floyd The sons of Floyd reprennent avec brio le r\u00e9pertoire de Pink Floyd et nous font revivre les plus grandes chansons de ce groupe mythique ! Sur sc\u00e8ne, ils sont neuf. Jo\u00ebl le chanteur principal dont la voix est sublim\u00e9e par celles d&rsquo;Odile et Clo\u00e9 aux ch\u0153urs. Eric au clavier, Christian&hellip;<\/p>\n","protected":false},"author":2,"featured_media":1071,"comment_status":"closed","ping_status":"closed","sticky":false,"template":"tpl-no-header-footer.php","format":"standard","meta":{"footnotes":""},"categories":[75],"tags":[76],"class_list":["post-1058","post","type-post","status-publish","format-standard","has-post-thumbnail","hentry","category-75","tag-76"],"_links":{"self":[{"href":"https:\/\/lesvinestivales.fr\/sit\/wp-json\/wp\/v2\/posts\/1058"}],"collection":[{"href":"https:\/\/lesvinestivales.fr\/sit\/wp-json\/wp\/v2\/posts"}],"about":[{"href":"https:\/\/lesvinestivales.fr\/sit\/wp-json\/wp\/v2\/types\/post"}],"author":[{"embeddable":true,"href":"https:\/\/lesvinestivales.fr\/sit\/wp-json\/wp\/v2\/users\/2"}],"replies":[{"embeddable":true,"href":"https:\/\/lesvinestivales.fr\/sit\/wp-json\/wp\/v2\/comments?post=1058"}],"version-history":[{"count":3,"href":"https:\/\/lesvinestivales.fr\/sit\/wp-json\/wp\/v2\/posts\/1058\/revisions"}],"predecessor-version":[{"id":1081,"href":"https:\/\/lesvinestivales.fr\/sit\/wp-json\/wp\/v2\/posts\/1058\/revisions\/1081"}],"wp:featuredmedia":[{"embeddable":true,"href":"https:\/\/lesvinestivales.fr\/sit\/wp-json\/wp\/v2\/media\/1071"}],"wp:attachment":[{"href":"https:\/\/lesvinestivales.fr\/sit\/wp-json\/wp\/v2\/media?parent=1058"}],"wp:term":[{"taxonomy":"category","embeddable":true,"href":"https:\/\/lesvinestivales.fr\/sit\/wp-json\/wp\/v2\/categories?post=1058"},{"taxonomy":"post_tag","embeddable":true,"href":"https:\/\/lesvinestivales.fr\/sit\/wp-json\/wp\/v2\/tags?post=1058"}],"curies":[{"name":"wp","href":"https:\/\/api.w.org\/{rel}","templated":true}]}}